{"id":4822,"date":"2025-01-28T09:12:38","date_gmt":"2025-01-28T13:12:38","guid":{"rendered":"https:\/\/habitatdominicana.org\/?p=4822"},"modified":"2025-02-12T15:31:45","modified_gmt":"2025-02-12T19:31:45","slug":"habitat-dominicana-continua-empoderando-con-vivienda-a-familias-en-el-2024","status":"publish","type":"post","link":"https:\/\/habitatdominicana.org\/en\/habitat-dominicana-continua-empoderando-con-vivienda-a-familias-en-el-2024\/","title":{"rendered":"(Espa\u00f1ol) H\u00e1bitat Dominicana contin\u00faa empoderando con vivienda a familias en el 2024"},"content":{"rendered":"<p class=\"qtranxs-available-languages-message qtranxs-available-languages-message-en\">Sorry, this entry is only available in <a href=\"https:\/\/habitatdominicana.org\/es\/wp-json\/wp\/v2\/posts\/4822\" class=\"qtranxs-available-language-link qtranxs-available-language-link-es\" title=\"Espa\u00f1ol\">Espa\u00f1ol<\/a>.<\/p>","protected":false},"excerpt":{"rendered":"<p>Sorry, this entry is only available in Espa\u00f1ol.<\/p>\n","protected":false},"author":6,"featured_media":4824,"comment_status":"open","ping_status":"open","sticky":false,"template":"","format":"standard","meta":{"_acf_changed":false,"om_disable_all_campaigns":false,"_exactmetrics_skip_tracking":false,"_exactmetrics_sitenote_active":false,"_exactmetrics_sitenote_note":"","_exactmetrics_sitenote_category":0,"_monsterinsights_skip_tracking":false,"_monsterinsights_sitenote_active":false,"_monsterinsights_sitenote_note":"","_monsterinsights_sitenote_category":0,"_uf_show_specific_survey":0,"_uf_disable_surveys":false,"footnotes":""},"categories":[205],"tags":[],"class_list":["post-4822","post","type-post","status-publish","format-standard","has-post-thumbnail","hentry","category-noticias"],"acf":[],"aioseo_notices":[],"rttpg_featured_image_url":{"full":["https:\/\/habitatdominicana.org\/wp-content\/uploads\/2025\/01\/Habitatdominicana_empoderaconviviendas-scaled.jpg",2560,1706,false],"landscape":["https:\/\/habitatdominicana.org\/wp-content\/uploads\/2025\/01\/Habitatdominicana_empoderaconviviendas-scaled.jpg",2560,1706,false],"portraits":["https:\/\/habitatdominicana.org\/wp-content\/uploads\/2025\/01\/Habitatdominicana_empoderaconviviendas-scaled.jpg",2560,1706,false],"thumbnail":["https:\/\/habitatdominicana.org\/wp-content\/uploads\/2025\/01\/Habitatdominicana_empoderaconviviendas-150x150.jpg",150,150,true],"medium":["https:\/\/habitatdominicana.org\/wp-content\/uploads\/2025\/01\/Habitatdominicana_empoderaconviviendas-300x200.jpg",300,200,true],"large":["https:\/\/habitatdominicana.org\/wp-content\/uploads\/2025\/01\/Habitatdominicana_empoderaconviviendas-1024x683.jpg",860,574,true],"1536x1536":["https:\/\/habitatdominicana.org\/wp-content\/uploads\/2025\/01\/Habitatdominicana_empoderaconviviendas-1536x1024.jpg",1536,1024,true],"2048x2048":["https:\/\/habitatdominicana.org\/wp-content\/uploads\/2025\/01\/Habitatdominicana_empoderaconviviendas-2048x1365.jpg",2048,1365,true],"widget-thumbnail":["https:\/\/habitatdominicana.org\/wp-content\/uploads\/2025\/01\/Habitatdominicana_empoderaconviviendas-75x75.jpg",75,75,true],"small-header":["https:\/\/habitatdominicana.org\/wp-content\/uploads\/2025\/01\/Habitatdominicana_empoderaconviviendas-1800x220.jpg",1800,220,true],"small-event":["https:\/\/habitatdominicana.org\/wp-content\/uploads\/2025\/01\/Habitatdominicana_empoderaconviviendas-100x85.jpg",100,85,true],"medium-event":["https:\/\/habitatdominicana.org\/wp-content\/uploads\/2025\/01\/Habitatdominicana_empoderaconviviendas-270x150.jpg",270,150,true],"large-event":["https:\/\/habitatdominicana.org\/wp-content\/uploads\/2025\/01\/Habitatdominicana_empoderaconviviendas-770x330.jpg",770,330,true],"large-event-2":["https:\/\/habitatdominicana.org\/wp-content\/uploads\/2025\/01\/Habitatdominicana_empoderaconviviendas-540x440.jpg",540,440,true],"document-thumb":["https:\/\/habitatdominicana.org\/wp-content\/uploads\/2025\/01\/Habitatdominicana_empoderaconviviendas-400x267.jpg",400,267,true],"gallery-full":["https:\/\/habitatdominicana.org\/wp-content\/uploads\/2025\/01\/Habitatdominicana_empoderaconviviendas-1660x880.jpg",1660,880,true],"gallery-thumb":["https:\/\/habitatdominicana.org\/wp-content\/uploads\/2025\/01\/Habitatdominicana_empoderaconviviendas-540x330.jpg",540,330,true],"cause-medium":["https:\/\/habitatdominicana.org\/wp-content\/uploads\/2025\/01\/Habitatdominicana_empoderaconviviendas-900x525.jpg",900,525,true],"staff-home":["https:\/\/habitatdominicana.org\/wp-content\/uploads\/2025\/01\/Habitatdominicana_empoderaconviviendas-292x248.jpg",292,248,true]},"rttpg_author":{"display_name":"Victor Solano","author_link":"https:\/\/habitatdominicana.org\/en\/author\/tuttocr\/"},"rttpg_comment":0,"rttpg_category":"<a href=\"https:\/\/habitatdominicana.org\/en\/category\/noticias\/\" rel=\"category tag\">Noticias<\/a>","rttpg_excerpt":"Sorry, this entry is only available in Espa\u00f1ol.","_links":{"self":[{"href":"https:\/\/habitatdominicana.org\/en\/wp-json\/wp\/v2\/posts\/4822","targetHints":{"allow":["GET"]}}],"collection":[{"href":"https:\/\/habitatdominicana.org\/en\/wp-json\/wp\/v2\/posts"}],"about":[{"href":"https:\/\/habitatdominicana.org\/en\/wp-json\/wp\/v2\/types\/post"}],"author":[{"embeddable":true,"href":"https:\/\/habitatdominicana.org\/en\/wp-json\/wp\/v2\/users\/6"}],"replies":[{"embeddable":true,"href":"https:\/\/habitatdominicana.org\/en\/wp-json\/wp\/v2\/comments?post=4822"}],"version-history":[{"count":2,"href":"https:\/\/habitatdominicana.org\/en\/wp-json\/wp\/v2\/posts\/4822\/revisions"}],"predecessor-version":[{"id":4830,"href":"https:\/\/habitatdominicana.org\/en\/wp-json\/wp\/v2\/posts\/4822\/revisions\/4830"}],"wp:featuredmedia":[{"embeddable":true,"href":"https:\/\/habitatdominicana.org\/en\/wp-json\/wp\/v2\/media\/4824"}],"wp:attachment":[{"href":"https:\/\/habitatdominicana.org\/en\/wp-json\/wp\/v2\/media?parent=4822"}],"wp:term":[{"taxonomy":"category","embeddable":true,"href":"https:\/\/habitatdominicana.org\/en\/wp-json\/wp\/v2\/categories?post=4822"},{"taxonomy":"post_tag","embeddable":true,"href":"https:\/\/habitatdominicana.org\/en\/wp-json\/wp\/v2\/tags?post=4822"}],"curies":[{"name":"wp","href":"https:\/\/api.w.org\/{rel}","templated":true}]}}