{"id":4443,"date":"2023-10-20T01:04:43","date_gmt":"2023-10-20T05:04:43","guid":{"rendered":"https:\/\/habitatdominicana.org\/?p=4443"},"modified":"2024-08-09T11:46:23","modified_gmt":"2024-08-09T15:46:23","slug":"credimejoras-banco-ademi","status":"publish","type":"post","link":"https:\/\/habitatdominicana.org\/en\/credimejoras-banco-ademi\/","title":{"rendered":"(Espa\u00f1ol) CrediMejoras Banco Ademi"},"content":{"rendered":"&#8221; width=&#8221;860&#8243; height=&#8221;430&#8243; \/><\/p>\n<h3>Sobre el Banco M\u00faltiple Ademi. El Banco que da la mano: l\u00ednea de tiempo 40 aniversario<\/h3>\n<p>1983: Don Camilo Lluberes Henr\u00edquez funda la Asociaci\u00f3n para el Desarrollo de Microempresas, Inc. (Ademi), una organizaci\u00f3n sin fines de lucro dedicada a ofrecer programas de cr\u00e9ditos para micro y peque\u00f1as empresas. 1997: La Asociaci\u00f3n para el Desarrollo de Microempresas, Inc. (Ademi), se convierte en Banco Ademi de Desarrollo Ademi. S.A. 2005: Banco Ademi de Desarrollo Ademi. S.A., se transforma en Banco de Ahorro y Cr\u00e9dito Ademi. Con una s\u00f3lida posici\u00f3n dentro de su mercado, se convirti\u00f3 en el banco de ahorro y cr\u00e9dito m\u00e1s grande del pa\u00eds, especialmente en el segmento de las microempresas. <strong>2013: La entidad se convierte en Banco M\u00faltiple Ademi, siendo el \u00fanico Banco M\u00faltiple especializado en microfinanzas en Rep\u00fablica Dominicana.\u00a0<\/strong><\/p>\n<h3>Sobre H\u00e1bitat para la Humanidad Rep\u00fablica Dominicana<\/h3>\n<p><strong>H\u00e1bitat para la Humanidad<\/strong> es una organizaci\u00f3n no gubernamental global, sin fines de lucro, que trabaja para lograr que cada persona tenga un lugar digno donde vivir, a trav\u00e9s de programas apoyados en microfinanzas para viviendas, minimizar el riesgo y aumentar la respuesta ante desastres <a href=\"https:\/\/habitatdominicana-my.sharepoint.com\/personal\/desarrollorecursos_habitatdominicana_org\/Documents\/Documents\/Gina%20Vera--%20Laptop\/COMUNICACIONES\/FY-2023\/31%20Nota%20Prensa%20Fiona\/www.habitatdominicana.org\">www.habitatdominicana.org<\/a>. Inici\u00f3 su trabajo en 1976 en una granja comunitaria en el sur de Georgia, Estados Unidos. Esta organizaci\u00f3n cristiana de vivienda ha crecido desde entonces hasta convertirse en un l\u00edder mundial sin fines de lucro que trabaja en comunidades locales, en m\u00e1s de 50 estados en los EE. UU., y alrededor de 70 pa\u00edses del mundo. La instituci\u00f3n ha realizado en el pa\u00eds desde el inicio de sus labores en 1986 m\u00e1s de\u202f43,166 mil soluciones habitacionales e impactado alrededor 215,830 personas. La organizaci\u00f3n empodera a las familias a crear fuerza, estabilidad y autosuficiencia a trav\u00e9s de una vivienda.<\/p>\n<p>&nbsp;","protected":false},"excerpt":{"rendered":"<p>&#8221; width=&#8221;860&#8243; height=&#8221;430&#8243; \/> Sobre el Banco M\u00faltiple Ademi. El Banco que da la mano: l\u00ednea de tiempo 40 aniversario 1983: Don Camilo Lluberes Henr\u00edquez funda la Asociaci\u00f3n para el Desarrollo de Microempresas, Inc. (Ademi), una organizaci\u00f3n sin fines de lucro dedicada a ofrecer programas de cr\u00e9ditos para micro y peque\u00f1as empresas. 1997: La Asociaci\u00f3n<\/p>\n<div class=\"post-actions\"><a class=\"button small\" href=\"https:\/\/habitatdominicana.org\/en\/credimejoras-banco-ademi\/\">Leer M\u00e1s<\/a><\/div>\n","protected":false},"author":6,"featured_media":4442,"comment_status":"closed","ping_status":"open","sticky":false,"template":"","format":"standard","meta":{"_acf_changed":false,"om_disable_all_campaigns":false,"_exactmetrics_skip_tracking":false,"_exactmetrics_sitenote_active":false,"_exactmetrics_sitenote_note":"","_exactmetrics_sitenote_category":0,"_monsterinsights_skip_tracking":false,"_monsterinsights_sitenote_active":false,"_monsterinsights_sitenote_note":"","_monsterinsights_sitenote_category":0,"_uf_show_specific_survey":0,"_uf_disable_surveys":false,"footnotes":""},"categories":[205],"tags":[875,876],"class_list":["post-4443","post","type-post","status-publish","format-standard","has-post-thumbnail","hentry","category-noticias","tag-banco-multiple-ademi","tag-credimejoras"],"acf":[],"aioseo_notices":[],"rttpg_featured_image_url":{"full":["https:\/\/habitatdominicana.org\/wp-content\/uploads\/2023\/10\/Banco-Ademi-inicio\u0301-la-10ma-edicio\u0301n-de-su-feria-CrediMejoras.jpg",1200,600,false],"landscape":["https:\/\/habitatdominicana.org\/wp-content\/uploads\/2023\/10\/Banco-Ademi-inicio\u0301-la-10ma-edicio\u0301n-de-su-feria-CrediMejoras.jpg",1200,600,false],"portraits":["https:\/\/habitatdominicana.org\/wp-content\/uploads\/2023\/10\/Banco-Ademi-inicio\u0301-la-10ma-edicio\u0301n-de-su-feria-CrediMejoras.jpg",1200,600,false],"thumbnail":["https:\/\/habitatdominicana.org\/wp-content\/uploads\/2023\/10\/Banco-Ademi-inicio\u0301-la-10ma-edicio\u0301n-de-su-feria-CrediMejoras-150x150.jpg",150,150,true],"medium":["https:\/\/habitatdominicana.org\/wp-content\/uploads\/2023\/10\/Banco-Ademi-inicio\u0301-la-10ma-edicio\u0301n-de-su-feria-CrediMejoras-300x150.jpg",300,150,true],"large":["https:\/\/habitatdominicana.org\/wp-content\/uploads\/2023\/10\/Banco-Ademi-inicio\u0301-la-10ma-edicio\u0301n-de-su-feria-CrediMejoras-1024x512.jpg",860,430,true],"1536x1536":["https:\/\/habitatdominicana.org\/wp-content\/uploads\/2023\/10\/Banco-Ademi-inicio\u0301-la-10ma-edicio\u0301n-de-su-feria-CrediMejoras.jpg",1200,600,false],"2048x2048":["https:\/\/habitatdominicana.org\/wp-content\/uploads\/2023\/10\/Banco-Ademi-inicio\u0301-la-10ma-edicio\u0301n-de-su-feria-CrediMejoras.jpg",1200,600,false],"widget-thumbnail":["https:\/\/habitatdominicana.org\/wp-content\/uploads\/2023\/10\/Banco-Ademi-inicio\u0301-la-10ma-edicio\u0301n-de-su-feria-CrediMejoras-75x75.jpg",75,75,true],"small-header":["https:\/\/habitatdominicana.org\/wp-content\/uploads\/2023\/10\/Banco-Ademi-inicio\u0301-la-10ma-edicio\u0301n-de-su-feria-CrediMejoras-1200x220.jpg",1200,220,true],"small-event":["https:\/\/habitatdominicana.org\/wp-content\/uploads\/2023\/10\/Banco-Ademi-inicio\u0301-la-10ma-edicio\u0301n-de-su-feria-CrediMejoras-100x85.jpg",100,85,true],"medium-event":["https:\/\/habitatdominicana.org\/wp-content\/uploads\/2023\/10\/Banco-Ademi-inicio\u0301-la-10ma-edicio\u0301n-de-su-feria-CrediMejoras-270x150.jpg",270,150,true],"large-event":["https:\/\/habitatdominicana.org\/wp-content\/uploads\/2023\/10\/Banco-Ademi-inicio\u0301-la-10ma-edicio\u0301n-de-su-feria-CrediMejoras-770x330.jpg",770,330,true],"large-event-2":["https:\/\/habitatdominicana.org\/wp-content\/uploads\/2023\/10\/Banco-Ademi-inicio\u0301-la-10ma-edicio\u0301n-de-su-feria-CrediMejoras-540x440.jpg",540,440,true],"document-thumb":["https:\/\/habitatdominicana.org\/wp-content\/uploads\/2023\/10\/Banco-Ademi-inicio\u0301-la-10ma-edicio\u0301n-de-su-feria-CrediMejoras-400x200.jpg",400,200,true],"gallery-full":["https:\/\/habitatdominicana.org\/wp-content\/uploads\/2023\/10\/Banco-Ademi-inicio\u0301-la-10ma-edicio\u0301n-de-su-feria-CrediMejoras.jpg",1200,600,false],"gallery-thumb":["https:\/\/habitatdominicana.org\/wp-content\/uploads\/2023\/10\/Banco-Ademi-inicio\u0301-la-10ma-edicio\u0301n-de-su-feria-CrediMejoras-540x330.jpg",540,330,true],"cause-medium":["https:\/\/habitatdominicana.org\/wp-content\/uploads\/2023\/10\/Banco-Ademi-inicio\u0301-la-10ma-edicio\u0301n-de-su-feria-CrediMejoras-900x525.jpg",900,525,true],"staff-home":["https:\/\/habitatdominicana.org\/wp-content\/uploads\/2023\/10\/Banco-Ademi-inicio\u0301-la-10ma-edicio\u0301n-de-su-feria-CrediMejoras-292x248.jpg",292,248,true]},"rttpg_author":{"display_name":"Victor Solano","author_link":"https:\/\/habitatdominicana.org\/en\/author\/tuttocr\/"},"rttpg_comment":0,"rttpg_category":"<a href=\"https:\/\/habitatdominicana.org\/en\/category\/noticias\/\" rel=\"category tag\">Noticias<\/a>","rttpg_excerpt":"&#8221; width=&#8221;860&#8243; height=&#8221;430&#8243; \/> Sobre el Banco M\u00faltiple Ademi. El Banco que da la mano: l\u00ednea de tiempo 40 aniversario 1983: Don Camilo Lluberes Henr\u00edquez funda la Asociaci\u00f3n para el Desarrollo de Microempresas, Inc. (Ademi), una organizaci\u00f3n sin fines de lucro dedicada a ofrecer programas de cr\u00e9ditos para micro y peque\u00f1as empresas. 1997: La Asociaci\u00f3nLeer&hellip;","_links":{"self":[{"href":"https:\/\/habitatdominicana.org\/en\/wp-json\/wp\/v2\/posts\/4443","targetHints":{"allow":["GET"]}}],"collection":[{"href":"https:\/\/habitatdominicana.org\/en\/wp-json\/wp\/v2\/posts"}],"about":[{"href":"https:\/\/habitatdominicana.org\/en\/wp-json\/wp\/v2\/types\/post"}],"author":[{"embeddable":true,"href":"https:\/\/habitatdominicana.org\/en\/wp-json\/wp\/v2\/users\/6"}],"replies":[{"embeddable":true,"href":"https:\/\/habitatdominicana.org\/en\/wp-json\/wp\/v2\/comments?post=4443"}],"version-history":[{"count":4,"href":"https:\/\/habitatdominicana.org\/en\/wp-json\/wp\/v2\/posts\/4443\/revisions"}],"predecessor-version":[{"id":4447,"href":"https:\/\/habitatdominicana.org\/en\/wp-json\/wp\/v2\/posts\/4443\/revisions\/4447"}],"wp:featuredmedia":[{"embeddable":true,"href":"https:\/\/habitatdominicana.org\/en\/wp-json\/wp\/v2\/media\/4442"}],"wp:attachment":[{"href":"https:\/\/habitatdominicana.org\/en\/wp-json\/wp\/v2\/media?parent=4443"}],"wp:term":[{"taxonomy":"category","embeddable":true,"href":"https:\/\/habitatdominicana.org\/en\/wp-json\/wp\/v2\/categories?post=4443"},{"taxonomy":"post_tag","embeddable":true,"href":"https:\/\/habitatdominicana.org\/en\/wp-json\/wp\/v2\/tags?post=4443"}],"curies":[{"name":"wp","href":"https:\/\/api.w.org\/{rel}","templated":true}]}}