{"id":4391,"date":"2023-08-03T19:56:06","date_gmt":"2023-08-03T23:56:06","guid":{"rendered":"https:\/\/habitatdominicana.org\/?p=4391"},"modified":"2024-07-26T12:47:25","modified_gmt":"2024-07-26T16:47:25","slug":"cambio-climatico-y-su-efecto-sobre-las-viviendas","status":"publish","type":"post","link":"https:\/\/habitatdominicana.org\/en\/cambio-climatico-y-su-efecto-sobre-las-viviendas\/","title":{"rendered":"Climate change and its effects on housing"},"content":{"rendered":"<h2>Latin American authorities analyze climate change and its effects on housing in the region<\/h2>\n<ul>\n<li>Habitat for Humanity\u2019s 5<sup>th<\/sup> Housing Forum in Bogot\u00e1 brings together representatives of the United Nations, World Bank, Inter-American Development Bank, government, private sector, academia and civil society, among others.<\/li>\n<li>The event\u2019s aims are for authorities to be able to recognize urgent challenges in housing and habitat, share and propose solutions, and summon the commitment, investments and resources this emergency demands.<\/li>\n<li>Bogot\u00e1 is the venue for the regional event thanks to its leadership in housing and habit.<\/li>\n<\/ul>\n<p><strong>Colombia, July 2023.<\/strong> Under the premise that Latin America and the Caribbean is the second most disaster-prone region in the world, authorities and climate change experts meet this week in Bogot\u00e1 to analyze current effects of the climate crisis on housing in Colombia and the region. Participants will also learn about affordable and resilient solutions to reduce the current housing deficit, which was exacerbated by the COVID-19 pandemic.<\/p>\n<p>This analysis will take place during the 5<sup>th<\/sup> Housing Forum, a regional event organized by Habitat for Humanity and convened through the Urban Housing Practitioners Hub (UHPH). Colombia\u2019s Ministry of Housing, City and Territory, the Secretariat of Habitat and the Bogot\u00e1 Mayor\u2019s Office are co-hosts. Participating during the three days of the forum will be representatives of the United Nations, World Bank, Inter-American Development Bank (IDB), private sector, academia, civil society, community leaders, local and regional governments, and others.<\/p>\n<p>Colombia was selected as the venue for the 5<sup>th<\/sup> Housing Forum as a regional reference and laboratory of policies and important intersectoral initiatives linking housing and environment, public and private sector, aimed at building more sustainable and efficient housing and habitat. Bogot\u00e1 is the city venue for the event thanks to its leadership in housing and habitat, and programs for housing access and improvement that have been promoted through the Mayor\u2019s office and District Secretariat of Habitat.<\/p>\n<p><strong>Latin American situation.<\/strong> According to IDB, 45% of the population in Latin America and the Caribbean does not have an adequate place to live. This means people are living in homes built of precarious materials with little resilience to climate change, lacking basic services, many with dirt<\/p>\n<p>\u201c<em>Housing is a pillar for the sustainable development of a community, a people, a nation. Efforts need to be redoubled to address the current climate and social crisis, with urgent measures for adapting to climate change through more resilient and safe settlements in compliance with the New Urban Agenda. At Habitat for Humanity, we are clear that we\u2019re called not just to reduce the housing deficit. We must also do this in a sustainable way, adjusting to the reality imposed by our planet. What we\u2019re facing is a challenge of enormous proportions, with serious consequences for those who are most vulnerable. A challenge we cannot tackle in isolation, we must do this together with others<\/em>,\u201d said Ernesto Castro, Area Vice President of Habitat for Humanity, Latin America and the Caribbean.<\/p>\n<p>Disasters such as hurricanes, droughts and more are a reality millions of Latin Americans face in their homes every year. The Economic Commission for Latin America and the Caribbean (ECLAC), indicates that worsening climate change and the combined effects of the COVID-19 pandemic have stalled decades of progress against poverty, food insecurity and inequities. In addition, ECLAC calculates that in 2022, the value of all damage and economic losses related directly or indirectly to disasters in the region amounted to $1.789 billion.<\/p>\n<p>\u201cA much more comprehensive view is required on the part of governments. It is very important to make a transformation in public policy on housing and habitat.\u00a0 There is nothing more important for quality of life than access to clean water and sanitation. The aim is access to adequate housing under a new public policy model that has to do with management, recognizing the importance of community water organizations, and understanding how public resources from the national government should be directed toward investing in housing improvement and new housing, in joint work with the private sector and in understanding how the construction of habitat construction should move forward,\u201d stated Catalina Velasco, Minister of Housing, City and Territory in Colombia.<\/p>\n<p>Celebrating Habitat for Humanity\u2019s decision to choose Bogot\u00e1 as venue for the forum\u2019s fifth edition, Bogot\u00e1 Mayor Claudia L\u00f3pez Hern\u00e1ndez went ahead and welcomed the participants arriving from different countries, presenting a complete panorama of the city\u2019s process of economic and social recovery after the pandemic, and explained that a main focus has been on women.<\/p>\n<p>\u201c<em>That\u2019s why our housing policy included the design and implementation of housing solutions for vulnerable, low-income households (equal to or less than US$ 495 a month) in rental, purchase, upgrade or incremental housing modalities. Through these solutions, we delivered more than 12,000 subsidies, 72% to households headed by women,\u201d explained the mayor. <\/em><\/p>\n<p>The current housing crisis affects the most vulnerable sectors of the population above all, among them women, migrants, ethnic groups, young people and the elderly. Day after day they experience the effects on health, on security and on their lives from not having a safe place to call home. Given this situation, the forum is being held so that authorities are able to recognize urgent climate and social challenges in housing and habitat, as well as to share and propose innovative, scalable and responsible solutions addressing climate change, and summon the commitment, investments and resources the emergency demands.<\/p>\n<p>\u201c<em>At UN-Habitat we believe meetings like the 5<sup>th<\/sup> Housing Forum are vitally important in the process needed for socioeconomic recovery in Latin America and the Caribbean, in the post COVID-19 context with a global crisis that also affects the region. In our organization we\u2019ve identified housing and habitat-related issues as one of the priority areas for action and intervention, and one of the priority public and private investment areas important to promote<\/em>,\u201d indicated Elkin Vel\u00e1squez, regional representative of UN-Habitat for Latin America and the Caribbean.<\/p>\n<p>The event will also include an examination of 12 innovative initiatives that strengthen housing in the face of climate change effects, and which will receive recognition during a special award ceremony as the winners of the 2023 UHPH Inspiring Practices contest. This competition is held every two years to acknowledge and showcase housing initiatives that, through innovation and collaboration, help improve the quality of life of low-income families in the region.<\/p>\n<p>The 5<sup>th<\/sup> Housing Forum is held with the support of The Hilti Foundation as global presenter and sponsored by regional partners such as: the Whirlpool Corporation, Grupo Argos, UN-Habitat, Development Bank of Latin America, Swiss Contact<em>, <\/em>World Vision, the International Habitat Summit-Latin America and the Caribbean, Miyamoto, Eternit and Asociaci\u00f3n de Empresas Inmobiliarias del Per\u00fa. Previously, the forum was held virtually from Costa Rica in 2021, in Dominican Republic in 2018, Mexico in 2015 and Colombia in 2012.<\/p>\n<p>&nbsp;","protected":false},"excerpt":{"rendered":"<p>Latin American authorities analyze climate change and its effects on housing in the region Habitat for Humanity\u2019s 5th Housing Forum in Bogot\u00e1 brings together representatives of the United Nations, World Bank, Inter-American Development Bank, government, private sector, academia and civil society, among others. The event\u2019s aims are for authorities to be able to recognize urgent<\/p>\n<div class=\"post-actions\"><a class=\"button small\" href=\"https:\/\/habitatdominicana.org\/en\/cambio-climatico-y-su-efecto-sobre-las-viviendas\/\">Leer M\u00e1s<\/a><\/div>\n","protected":false},"author":6,"featured_media":4392,"comment_status":"closed","ping_status":"open","sticky":false,"template":"","format":"standard","meta":{"_acf_changed":false,"om_disable_all_campaigns":false,"_exactmetrics_skip_tracking":false,"_exactmetrics_sitenote_active":false,"_exactmetrics_sitenote_note":"","_exactmetrics_sitenote_category":0,"_monsterinsights_skip_tracking":false,"_monsterinsights_sitenote_active":false,"_monsterinsights_sitenote_note":"","_monsterinsights_sitenote_category":0,"_uf_show_specific_survey":0,"_uf_disable_surveys":false,"footnotes":""},"categories":[205],"tags":[859,860],"class_list":["post-4391","post","type-post","status-publish","format-standard","has-post-thumbnail","hentry","category-noticias","tag-foro-de-vivienda-y-habitat","tag-housing-forum"],"acf":[],"aioseo_notices":[],"rttpg_featured_image_url":{"full":["https:\/\/habitatdominicana.org\/wp-content\/uploads\/2023\/08\/Ernesto-Castro-vicepresidente-de-a\u0301rea-Ha\u0301bitat-para-la-Humanidad-en-Latinoame\u0301rica-y-el-Caribe-2-scaled.jpg",2560,1707,false],"landscape":["https:\/\/habitatdominicana.org\/wp-content\/uploads\/2023\/08\/Ernesto-Castro-vicepresidente-de-a\u0301rea-Ha\u0301bitat-para-la-Humanidad-en-Latinoame\u0301rica-y-el-Caribe-2-scaled.jpg",2560,1707,false],"portraits":["https:\/\/habitatdominicana.org\/wp-content\/uploads\/2023\/08\/Ernesto-Castro-vicepresidente-de-a\u0301rea-Ha\u0301bitat-para-la-Humanidad-en-Latinoame\u0301rica-y-el-Caribe-2-scaled.jpg",2560,1707,false],"thumbnail":["https:\/\/habitatdominicana.org\/wp-content\/uploads\/2023\/08\/Ernesto-Castro-vicepresidente-de-a\u0301rea-Ha\u0301bitat-para-la-Humanidad-en-Latinoame\u0301rica-y-el-Caribe-2-150x150.jpg",150,150,true],"medium":["https:\/\/habitatdominicana.org\/wp-content\/uploads\/2023\/08\/Ernesto-Castro-vicepresidente-de-a\u0301rea-Ha\u0301bitat-para-la-Humanidad-en-Latinoame\u0301rica-y-el-Caribe-2-300x200.jpg",300,200,true],"large":["https:\/\/habitatdominicana.org\/wp-content\/uploads\/2023\/08\/Ernesto-Castro-vicepresidente-de-a\u0301rea-Ha\u0301bitat-para-la-Humanidad-en-Latinoame\u0301rica-y-el-Caribe-2-1024x683.jpg",860,574,true],"1536x1536":["https:\/\/habitatdominicana.org\/wp-content\/uploads\/2023\/08\/Ernesto-Castro-vicepresidente-de-a\u0301rea-Ha\u0301bitat-para-la-Humanidad-en-Latinoame\u0301rica-y-el-Caribe-2-1536x1024.jpg",1536,1024,true],"2048x2048":["https:\/\/habitatdominicana.org\/wp-content\/uploads\/2023\/08\/Ernesto-Castro-vicepresidente-de-a\u0301rea-Ha\u0301bitat-para-la-Humanidad-en-Latinoame\u0301rica-y-el-Caribe-2-2048x1365.jpg",2048,1365,true],"widget-thumbnail":["https:\/\/habitatdominicana.org\/wp-content\/uploads\/2023\/08\/Ernesto-Castro-vicepresidente-de-a\u0301rea-Ha\u0301bitat-para-la-Humanidad-en-Latinoame\u0301rica-y-el-Caribe-2-75x75.jpg",75,75,true],"small-header":["https:\/\/habitatdominicana.org\/wp-content\/uploads\/2023\/08\/Ernesto-Castro-vicepresidente-de-a\u0301rea-Ha\u0301bitat-para-la-Humanidad-en-Latinoame\u0301rica-y-el-Caribe-2-1800x220.jpg",1800,220,true],"small-event":["https:\/\/habitatdominicana.org\/wp-content\/uploads\/2023\/08\/Ernesto-Castro-vicepresidente-de-a\u0301rea-Ha\u0301bitat-para-la-Humanidad-en-Latinoame\u0301rica-y-el-Caribe-2-100x85.jpg",100,85,true],"medium-event":["https:\/\/habitatdominicana.org\/wp-content\/uploads\/2023\/08\/Ernesto-Castro-vicepresidente-de-a\u0301rea-Ha\u0301bitat-para-la-Humanidad-en-Latinoame\u0301rica-y-el-Caribe-2-270x150.jpg",270,150,true],"large-event":["https:\/\/habitatdominicana.org\/wp-content\/uploads\/2023\/08\/Ernesto-Castro-vicepresidente-de-a\u0301rea-Ha\u0301bitat-para-la-Humanidad-en-Latinoame\u0301rica-y-el-Caribe-2-770x330.jpg",770,330,true],"large-event-2":["https:\/\/habitatdominicana.org\/wp-content\/uploads\/2023\/08\/Ernesto-Castro-vicepresidente-de-a\u0301rea-Ha\u0301bitat-para-la-Humanidad-en-Latinoame\u0301rica-y-el-Caribe-2-540x440.jpg",540,440,true],"document-thumb":["https:\/\/habitatdominicana.org\/wp-content\/uploads\/2023\/08\/Ernesto-Castro-vicepresidente-de-a\u0301rea-Ha\u0301bitat-para-la-Humanidad-en-Latinoame\u0301rica-y-el-Caribe-2-400x267.jpg",400,267,true],"gallery-full":["https:\/\/habitatdominicana.org\/wp-content\/uploads\/2023\/08\/Ernesto-Castro-vicepresidente-de-a\u0301rea-Ha\u0301bitat-para-la-Humanidad-en-Latinoame\u0301rica-y-el-Caribe-2-1660x880.jpg",1660,880,true],"gallery-thumb":["https:\/\/habitatdominicana.org\/wp-content\/uploads\/2023\/08\/Ernesto-Castro-vicepresidente-de-a\u0301rea-Ha\u0301bitat-para-la-Humanidad-en-Latinoame\u0301rica-y-el-Caribe-2-540x330.jpg",540,330,true],"cause-medium":["https:\/\/habitatdominicana.org\/wp-content\/uploads\/2023\/08\/Ernesto-Castro-vicepresidente-de-a\u0301rea-Ha\u0301bitat-para-la-Humanidad-en-Latinoame\u0301rica-y-el-Caribe-2-900x525.jpg",900,525,true],"staff-home":["https:\/\/habitatdominicana.org\/wp-content\/uploads\/2023\/08\/Ernesto-Castro-vicepresidente-de-a\u0301rea-Ha\u0301bitat-para-la-Humanidad-en-Latinoame\u0301rica-y-el-Caribe-2-292x248.jpg",292,248,true]},"rttpg_author":{"display_name":"Victor Solano","author_link":"https:\/\/habitatdominicana.org\/en\/author\/tuttocr\/"},"rttpg_comment":0,"rttpg_category":"<a href=\"https:\/\/habitatdominicana.org\/en\/category\/noticias\/\" rel=\"category tag\">Noticias<\/a>","rttpg_excerpt":"Latin American authorities analyze climate change and its effects on housing in the region Habitat for Humanity\u2019s 5th Housing Forum in Bogot\u00e1 brings together representatives of the United Nations, World Bank, Inter-American Development Bank, government, private sector, academia and civil society, among others. The event\u2019s aims are for authorities to be able to recognize urgentLeer&hellip;","_links":{"self":[{"href":"https:\/\/habitatdominicana.org\/en\/wp-json\/wp\/v2\/posts\/4391","targetHints":{"allow":["GET"]}}],"collection":[{"href":"https:\/\/habitatdominicana.org\/en\/wp-json\/wp\/v2\/posts"}],"about":[{"href":"https:\/\/habitatdominicana.org\/en\/wp-json\/wp\/v2\/types\/post"}],"author":[{"embeddable":true,"href":"https:\/\/habitatdominicana.org\/en\/wp-json\/wp\/v2\/users\/6"}],"replies":[{"embeddable":true,"href":"https:\/\/habitatdominicana.org\/en\/wp-json\/wp\/v2\/comments?post=4391"}],"version-history":[{"count":2,"href":"https:\/\/habitatdominicana.org\/en\/wp-json\/wp\/v2\/posts\/4391\/revisions"}],"predecessor-version":[{"id":4394,"href":"https:\/\/habitatdominicana.org\/en\/wp-json\/wp\/v2\/posts\/4391\/revisions\/4394"}],"wp:featuredmedia":[{"embeddable":true,"href":"https:\/\/habitatdominicana.org\/en\/wp-json\/wp\/v2\/media\/4392"}],"wp:attachment":[{"href":"https:\/\/habitatdominicana.org\/en\/wp-json\/wp\/v2\/media?parent=4391"}],"wp:term":[{"taxonomy":"category","embeddable":true,"href":"https:\/\/habitatdominicana.org\/en\/wp-json\/wp\/v2\/categories?post=4391"},{"taxonomy":"post_tag","embeddable":true,"href":"https:\/\/habitatdominicana.org\/en\/wp-json\/wp\/v2\/tags?post=4391"}],"curies":[{"name":"wp","href":"https:\/\/api.w.org\/{rel}","templated":true}]}}